{"id":6621,"date":"2023-01-01T10:16:16","date_gmt":"2023-01-01T09:16:16","guid":{"rendered":"http:\/\/studiojirina.cz\/cviceni-Praha-2\/cviceni-pro-tehotne\/domu\/?p=6621"},"modified":"2023-01-06T18:32:33","modified_gmt":"2023-01-06T17:32:33","slug":"seminar-cvicime-podle-mojzisove","status":"publish","type":"post","link":"https:\/\/studiojirina.cz\/cviceni-Praha\/cviceni-pro-tehotne\/domu\/seminar-cvicime-podle-mojzisove\/","title":{"rendered":"Semin\u00e1\u0159 Cvi\u010d\u00edme podle Ludmily Moj\u017e\u00ed\u0161ov\u00e9 &#8211; online"},"content":{"rendered":"<p>[vc_row 0=&#8220;&#8220;][vc_column 0=&#8220;&#8220;][vc_column_text 0=&#8220;&#8220;]<\/p>\n<p>\n<span style=\"color: #000000;\">Semin\u00e1\u0159 Cvi\u010d\u00edme podle Ludmily Moj\u017e\u00ed\u0161ov\u00e9 jsme p\u0159ipravili online. Podle p\u0159ipraven\u00fdch materi\u00e1l\u016f a vide\u00ed se nau\u010d\u00edte cvi\u010dit z\u00e1kladn\u00ed sestavu cvik\u016f, kterou vytvo\u0159ila legend\u00e1rn\u00ed Ludmila Moj\u017e\u00ed\u0161ov\u00e1.<\/span><\/p>\n<p><span style=\"color: #000000;\">Semin\u00e1\u0159 je ur\u010den pro v\u0161echny, kte\u0159\u00ed trp\u00ed bolestmi zad, \u017een\u00e1m s bolestivou menstruac\u00ed, ochabl\u00fdm p\u00e1nevn\u00edm dnem, sestava m\u016f\u017ee pomoci i v p\u0159\u00edpad\u011b n\u011bkter\u00fdch poruch, kter\u00e9 zp\u016fsobuj\u00ed neplodnost. \u017deny po porodu se mohou cvi\u010den\u00edm sestavy vr\u00e1tit zp\u011bt do kondice.<\/span><\/p>\n<p>[\/vc_column_text][\/vc_column][\/vc_row][vc_row][vc_column][vc_empty_space 0=&#8220;&#8220;][vc_btn title=&#8220;Dal\u0161\u00ed informace&#8220; color=&#8220;violet&#8220; align=&#8220;right&#8220; link=&#8220;url:http%3A%2F%2Fstudiojirina.cz%2Fcviceni-Praha%2Fcviceni-pro-tehotne%2Fdomu%2Fservices%2Fcviceni-podle-mojzisove%2F||target:%20_blank|&#8220;][vc_empty_space 0=&#8220;&#8220;][\/vc_column][\/vc_row][vc_row][vc_column width=&#8220;1\/3&#8243;][vc_single_image image=&#8220;8922&#8243;][\/vc_column][vc_column width=&#8220;1\/3&#8243;][vc_single_image image=&#8220;8923&#8243;][\/vc_column][vc_column width=&#8220;1\/3&#8243;][vc_single_image image=&#8220;8925&#8243;][\/vc_column][\/vc_row][vc_row 0=&#8220;&#8220;][vc_column 0=&#8220;&#8220;][\/vc_column][\/vc_row]<\/p>\n","protected":false},"excerpt":{"rendered":"<p>[vc_row 0=&#8220;&#8220;][vc_column 0=&#8220;&#8220;][vc_column_text 0=&#8220;&#8220;] Semin\u00e1\u0159 Cvi\u010d\u00edme podle Ludmily Moj\u017e\u00ed\u0161ov\u00e9 jsme p\u0159ipravili online. Podle p\u0159ipraven\u00fdch materi\u00e1l\u016f a vide\u00ed se nau\u010d\u00edte cvi\u010dit z\u00e1kladn\u00ed sestavu cvik\u016f, kterou vytvo\u0159ila legend\u00e1rn\u00ed Ludmila Moj\u017e\u00ed\u0161ov\u00e1. Semin\u00e1\u0159 je ur\u010den pro v\u0161echny, kte\u0159\u00ed trp\u00ed bolestmi zad, \u017een\u00e1m s bolestivou menstruac\u00ed, ochabl\u00fdm p\u00e1nevn\u00edm dnem, sestava m\u016f\u017ee pomoci i v p\u0159\u00edpad\u011b n\u011bkter\u00fdch poruch, kter\u00e9 zp\u016fsobuj\u00ed neplodnost. [&hellip;]<\/p>\n","protected":false},"author":2,"featured_media":0,"comment_status":"closed","ping_status":"closed","sticky":true,"template":"","format":"standard","meta":[],"categories":[119],"tags":[217,211,195,194,147,179,229],"_links":{"self":[{"href":"https:\/\/studiojirina.cz\/cviceni-Praha\/cviceni-pro-tehotne\/domu\/wp-json\/wp\/v2\/posts\/6621"}],"collection":[{"href":"https:\/\/studiojirina.cz\/cviceni-Praha\/cviceni-pro-tehotne\/domu\/wp-json\/wp\/v2\/posts"}],"about":[{"href":"https:\/\/studiojirina.cz\/cviceni-Praha\/cviceni-pro-tehotne\/domu\/wp-json\/wp\/v2\/types\/post"}],"author":[{"embeddable":true,"href":"https:\/\/studiojirina.cz\/cviceni-Praha\/cviceni-pro-tehotne\/domu\/wp-json\/wp\/v2\/users\/2"}],"replies":[{"embeddable":true,"href":"https:\/\/studiojirina.cz\/cviceni-Praha\/cviceni-pro-tehotne\/domu\/wp-json\/wp\/v2\/comments?post=6621"}],"version-history":[{"count":21,"href":"https:\/\/studiojirina.cz\/cviceni-Praha\/cviceni-pro-tehotne\/domu\/wp-json\/wp\/v2\/posts\/6621\/revisions"}],"predecessor-version":[{"id":8926,"href":"https:\/\/studiojirina.cz\/cviceni-Praha\/cviceni-pro-tehotne\/domu\/wp-json\/wp\/v2\/posts\/6621\/revisions\/8926"}],"wp:attachment":[{"href":"https:\/\/studiojirina.cz\/cviceni-Praha\/cviceni-pro-tehotne\/domu\/wp-json\/wp\/v2\/media?parent=6621"}],"wp:term":[{"taxonomy":"category","embeddable":true,"href":"https:\/\/studiojirina.cz\/cviceni-Praha\/cviceni-pro-tehotne\/domu\/wp-json\/wp\/v2\/categories?post=6621"},{"taxonomy":"post_tag","embeddable":true,"href":"https:\/\/studiojirina.cz\/cviceni-Praha\/cviceni-pro-tehotne\/domu\/wp-json\/wp\/v2\/tags?post=6621"}],"curies":[{"name":"wp","href":"https:\/\/api.w.org\/{rel}","templated":true}]}}